{"id":3847,"date":"2026-04-15T08:00:58","date_gmt":"2026-04-15T08:00:58","guid":{"rendered":"https:\/\/pbs.lt\/?p=3847"},"modified":"2026-04-10T11:46:27","modified_gmt":"2026-04-10T11:46:27","slug":"pbs-sailing-team-begins-the-2026-regatta-season","status":"publish","type":"post","link":"https:\/\/pbs.lt\/en\/2026\/04\/15\/pbs-sailing-team-begins-the-2026-regatta-season\/","title":{"rendered":"PBS Sailing Team begins the 2026 regatta season!"},"content":{"rendered":"<div class=\"flex flex-col text-sm pb-25\">\n<section class=\"text-token-text-primary w-full focus:outline-none [--shadow-height:45px] has-data-writing-block:pointer-events-none has-data-writing-block:-mt-(--shadow-height) has-data-writing-block:pt-(--shadow-height) [&amp;:has([data-writing-block])&gt;*]:pointer-events-auto scroll-mt-[calc(var(--header-height)+min(200px,max(70px,20svh)))]\" dir=\"auto\" data-turn-id=\"request-WEB:58475ecc-94a0-4b6a-9e86-9399aa57470c-95\" data-testid=\"conversation-turn-26\" data-scroll-anchor=\"true\" data-turn=\"assistant\">\n<div class=\"text-base my-auto mx-auto pb-10 [--thread-content-margin:var(--thread-content-margin-xs,calc(var(--spacing)*4))] @w-sm\/main:[--thread-content-margin:var(--thread-content-margin-sm,calc(var(--spacing)*6))] @w-lg\/main:[--thread-content-margin:var(--thread-content-margin-lg,calc(var(--spacing)*16))] px-(--thread-content-margin)\">\n<div class=\"[--thread-content-max-width:40rem] @w-lg\/main:[--thread-content-max-width:48rem] mx-auto max-w-(--thread-content-max-width) flex-1 group\/turn-messages focus-visible:outline-hidden relative flex w-full min-w-0 flex-col agent-turn\">\n<div class=\"flex max-w-full flex-col gap-4 grow\">\n<div class=\"min-h-8 text-message relative flex w-full flex-col items-end gap-2 text-start break-words whitespace-normal outline-none keyboard-focused:focus-ring [.text-message+&amp;]:mt-1\" dir=\"auto\" tabindex=\"0\" data-message-author-role=\"assistant\" data-message-id=\"64274811-8425-4e11-a054-7ef1a3618a8a\" data-message-model-slug=\"gpt-5-3-mini\" data-turn-start-message=\"true\">\n<div class=\"flex w-full flex-col gap-1 empty:hidden\">\n<div class=\"markdown prose dark:prose-invert w-full wrap-break-word light markdown-new-styling\">\n<p data-start=\"66\" data-end=\"264\">Today\u2019s world is full of unpredictable winds \u2013 both in business and on the water, where quick decisions, adaptability, and a steady course are essential. These very conditions shape our strong team.<\/p>\n<p data-start=\"266\" data-end=\"457\">After an impressive last season, we return even more focused, confident, and ready to fight for every victory \u2013 aiming to master the winds, conquer the waves, and achieve the highest results.<\/p>\n<p data-start=\"459\" data-end=\"492\">\ud83d\udcc5 First start \u2013 May 2 in Trakai!<\/p>\n<p data-start=\"494\" data-end=\"586\" data-is-last-node=\"\" data-is-only-node=\"\">\ud83d\udc47 Check out the <strong data-start=\"511\" data-end=\"533\">PBS Sailing Team<\/strong>\u00a0regatta calendar and follow our journey this season.<\/p>\n<\/div>\n<\/div>\n<\/div>\n<\/div>\n<div class=\"z-0 flex min-h-[46px] justify-start\"><\/div>\n<div class=\"mt-3 w-full empty:hidden\">\n<div class=\"text-center\"><\/div>\n<\/div>\n<\/div>\n<\/div>\n<\/section>\n<\/div>\n<div class=\"pointer-events-none h-px w-px absolute bottom-0\" aria-hidden=\"true\" data-edge=\"true\"><\/div>\n","protected":false},"excerpt":{"rendered":"<p>Today\u2019s world is full of unpredictable winds \u2013 both in business and on the water, where quick decisions, adaptability, and a steady course are essential. These very conditions shape our strong team. After an impressive last season, we return even more focused, confident, and ready to fight for every victory \u2013 aiming to master the&hellip;<\/p>\n","protected":false},"author":5,"featured_media":3848,"comment_status":"closed","ping_status":"closed","sticky":false,"template":"","format":"standard","meta":{"_acf_changed":false,"footnotes":""},"categories":[3],"tags":[],"class_list":["post-3847","post","type-post","status-publish","format-standard","has-post-thumbnail","hentry","category-uncategorized","category-3","description-off"],"acf":[],"yoast_head":"<!-- This site is optimized with the Yoast SEO plugin v27.1.1 - https:\/\/yoast.com\/product\/yoast-seo-wordpress\/ -->\n<title>PBS Sailing Team begins the 2026 regatta season! - PBS<\/title>\n<meta name=\"robots\" content=\"index, follow, max-snippet:-1, max-image-preview:large, max-video-preview:-1\" \/>\n<link rel=\"canonical\" href=\"https:\/\/pbs.lt\/2026\/04\/15\/pbs-sailing-team-kelia-bures-i-2026-m-regatu-sezona\/\" \/>\n<meta property=\"og:locale\" content=\"en_US\" \/>\n<meta property=\"og:type\" content=\"article\" \/>\n<meta property=\"og:title\" content=\"PBS Sailing Team begins the 2026 regatta season! - PBS\" \/>\n<meta property=\"og:description\" content=\"Today\u2019s world is full of unpredictable winds \u2013 both in business and on the water, where quick decisions, adaptability, and a steady course are essential. These very conditions shape our strong team. After an impressive last season, we return even more focused, confident, and ready to fight for every victory \u2013 aiming to master the&hellip;\" \/>\n<meta property=\"og:url\" content=\"https:\/\/pbs.lt\/2026\/04\/15\/pbs-sailing-team-kelia-bures-i-2026-m-regatu-sezona\/\" \/>\n<meta property=\"og:site_name\" content=\"PBS\" \/>\n<meta property=\"article:publisher\" content=\"https:\/\/www.facebook.com\/pbslt\" \/>\n<meta property=\"article:published_time\" content=\"2026-04-15T08:00:58+00:00\" \/>\n<meta property=\"og:image\" content=\"https:\/\/pbs.lt\/wp-content\/uploads\/2026\/04\/EN.png\" \/>\n\t<meta property=\"og:image:width\" content=\"2048\" \/>\n\t<meta property=\"og:image:height\" content=\"1291\" \/>\n\t<meta property=\"og:image:type\" content=\"image\/png\" \/>\n<meta name=\"author\" content=\"Simona Stri\u017ekovait\u0117\" \/>\n<meta name=\"twitter:card\" content=\"summary_large_image\" \/>\n<meta name=\"twitter:label1\" content=\"Written by\" \/>\n\t<meta name=\"twitter:data1\" content=\"Simona Stri\u017ekovait\u0117\" \/>\n\t<meta name=\"twitter:label2\" content=\"Est. reading time\" \/>\n\t<meta name=\"twitter:data2\" content=\"1 minute\" \/>\n<script type=\"application\/ld+json\" class=\"yoast-schema-graph\">{\"@context\":\"https:\/\/schema.org\",\"@graph\":[{\"@type\":\"Article\",\"@id\":\"https:\/\/pbs.lt\/2026\/04\/15\/pbs-sailing-team-kelia-bures-i-2026-m-regatu-sezona\/#article\",\"isPartOf\":{\"@id\":\"https:\/\/pbs.lt\/2026\/04\/15\/pbs-sailing-team-kelia-bures-i-2026-m-regatu-sezona\/\"},\"author\":{\"name\":\"Simona Stri\u017ekovait\u0117\",\"@id\":\"https:\/\/pbs.lt\/#\/schema\/person\/ab5927ae82fb98944c7b8bd26ecf8e86\"},\"headline\":\"PBS Sailing Team begins the 2026 regatta season!\",\"datePublished\":\"2026-04-15T08:00:58+00:00\",\"mainEntityOfPage\":{\"@id\":\"https:\/\/pbs.lt\/2026\/04\/15\/pbs-sailing-team-kelia-bures-i-2026-m-regatu-sezona\/\"},\"wordCount\":89,\"publisher\":{\"@id\":\"https:\/\/pbs.lt\/#organization\"},\"image\":{\"@id\":\"https:\/\/pbs.lt\/2026\/04\/15\/pbs-sailing-team-kelia-bures-i-2026-m-regatu-sezona\/#primaryimage\"},\"thumbnailUrl\":\"https:\/\/pbs.lt\/wp-content\/uploads\/2026\/04\/EN.png\",\"inLanguage\":\"en-US\"},{\"@type\":\"WebPage\",\"@id\":\"https:\/\/pbs.lt\/2026\/04\/15\/pbs-sailing-team-kelia-bures-i-2026-m-regatu-sezona\/\",\"url\":\"https:\/\/pbs.lt\/2026\/04\/15\/pbs-sailing-team-kelia-bures-i-2026-m-regatu-sezona\/\",\"name\":\"PBS Sailing Team begins the 2026 regatta season! - PBS\",\"isPartOf\":{\"@id\":\"https:\/\/pbs.lt\/#website\"},\"primaryImageOfPage\":{\"@id\":\"https:\/\/pbs.lt\/2026\/04\/15\/pbs-sailing-team-kelia-bures-i-2026-m-regatu-sezona\/#primaryimage\"},\"image\":{\"@id\":\"https:\/\/pbs.lt\/2026\/04\/15\/pbs-sailing-team-kelia-bures-i-2026-m-regatu-sezona\/#primaryimage\"},\"thumbnailUrl\":\"https:\/\/pbs.lt\/wp-content\/uploads\/2026\/04\/EN.png\",\"datePublished\":\"2026-04-15T08:00:58+00:00\",\"breadcrumb\":{\"@id\":\"https:\/\/pbs.lt\/2026\/04\/15\/pbs-sailing-team-kelia-bures-i-2026-m-regatu-sezona\/#breadcrumb\"},\"inLanguage\":\"en-US\",\"potentialAction\":[{\"@type\":\"ReadAction\",\"target\":[\"https:\/\/pbs.lt\/2026\/04\/15\/pbs-sailing-team-kelia-bures-i-2026-m-regatu-sezona\/\"]}]},{\"@type\":\"ImageObject\",\"inLanguage\":\"en-US\",\"@id\":\"https:\/\/pbs.lt\/2026\/04\/15\/pbs-sailing-team-kelia-bures-i-2026-m-regatu-sezona\/#primaryimage\",\"url\":\"https:\/\/pbs.lt\/wp-content\/uploads\/2026\/04\/EN.png\",\"contentUrl\":\"https:\/\/pbs.lt\/wp-content\/uploads\/2026\/04\/EN.png\",\"width\":2048,\"height\":1291},{\"@type\":\"BreadcrumbList\",\"@id\":\"https:\/\/pbs.lt\/2026\/04\/15\/pbs-sailing-team-kelia-bures-i-2026-m-regatu-sezona\/#breadcrumb\",\"itemListElement\":[{\"@type\":\"ListItem\",\"position\":1,\"name\":\"Home\",\"item\":\"https:\/\/pbs.lt\/en\/\"},{\"@type\":\"ListItem\",\"position\":2,\"name\":\"PBS Sailing Team begins the 2026 regatta season!\"}]},{\"@type\":\"WebSite\",\"@id\":\"https:\/\/pbs.lt\/#website\",\"url\":\"https:\/\/pbs.lt\/\",\"name\":\"PBS\",\"description\":\"Konsultacijos verslui \u012fvairiose pramon\u0117s veiklos srityse\",\"publisher\":{\"@id\":\"https:\/\/pbs.lt\/#organization\"},\"potentialAction\":[{\"@type\":\"SearchAction\",\"target\":{\"@type\":\"EntryPoint\",\"urlTemplate\":\"https:\/\/pbs.lt\/?s={search_term_string}\"},\"query-input\":{\"@type\":\"PropertyValueSpecification\",\"valueRequired\":true,\"valueName\":\"search_term_string\"}}],\"inLanguage\":\"en-US\"},{\"@type\":\"Organization\",\"@id\":\"https:\/\/pbs.lt\/#organization\",\"name\":\"Progressive Business Solutions\",\"url\":\"https:\/\/pbs.lt\/\",\"logo\":{\"@type\":\"ImageObject\",\"inLanguage\":\"en-US\",\"@id\":\"https:\/\/pbs.lt\/#\/schema\/logo\/image\/\",\"url\":\"\",\"contentUrl\":\"\",\"caption\":\"Progressive Business Solutions\"},\"image\":{\"@id\":\"https:\/\/pbs.lt\/#\/schema\/logo\/image\/\"},\"sameAs\":[\"https:\/\/www.facebook.com\/pbslt\",\"https:\/\/www.linkedin.com\/company\/2195023\"]},{\"@type\":\"Person\",\"@id\":\"https:\/\/pbs.lt\/#\/schema\/person\/ab5927ae82fb98944c7b8bd26ecf8e86\",\"name\":\"Simona Stri\u017ekovait\u0117\",\"image\":{\"@type\":\"ImageObject\",\"inLanguage\":\"en-US\",\"@id\":\"https:\/\/pbs.lt\/#\/schema\/person\/image\/\",\"url\":\"https:\/\/secure.gravatar.com\/avatar\/043b893c5b5f3fc76ab5a731f931e37daca9a46b0f556cabf6db36fc1a2478f0?s=96&d=mm&r=g\",\"contentUrl\":\"https:\/\/secure.gravatar.com\/avatar\/043b893c5b5f3fc76ab5a731f931e37daca9a46b0f556cabf6db36fc1a2478f0?s=96&d=mm&r=g\",\"caption\":\"Simona Stri\u017ekovait\u0117\"}}]}<\/script>\n<!-- \/ Yoast SEO plugin. -->","yoast_head_json":{"title":"PBS Sailing Team begins the 2026 regatta season! - PBS","robots":{"index":"index","follow":"follow","max-snippet":"max-snippet:-1","max-image-preview":"max-image-preview:large","max-video-preview":"max-video-preview:-1"},"canonical":"https:\/\/pbs.lt\/2026\/04\/15\/pbs-sailing-team-kelia-bures-i-2026-m-regatu-sezona\/","og_locale":"en_US","og_type":"article","og_title":"PBS Sailing Team begins the 2026 regatta season! - PBS","og_description":"Today\u2019s world is full of unpredictable winds \u2013 both in business and on the water, where quick decisions, adaptability, and a steady course are essential. These very conditions shape our strong team. After an impressive last season, we return even more focused, confident, and ready to fight for every victory \u2013 aiming to master the&hellip;","og_url":"https:\/\/pbs.lt\/2026\/04\/15\/pbs-sailing-team-kelia-bures-i-2026-m-regatu-sezona\/","og_site_name":"PBS","article_publisher":"https:\/\/www.facebook.com\/pbslt","article_published_time":"2026-04-15T08:00:58+00:00","og_image":[{"width":2048,"height":1291,"url":"https:\/\/pbs.lt\/wp-content\/uploads\/2026\/04\/EN.png","type":"image\/png"}],"author":"Simona Stri\u017ekovait\u0117","twitter_card":"summary_large_image","twitter_misc":{"Written by":"Simona Stri\u017ekovait\u0117","Est. reading time":"1 minute"},"schema":{"@context":"https:\/\/schema.org","@graph":[{"@type":"Article","@id":"https:\/\/pbs.lt\/2026\/04\/15\/pbs-sailing-team-kelia-bures-i-2026-m-regatu-sezona\/#article","isPartOf":{"@id":"https:\/\/pbs.lt\/2026\/04\/15\/pbs-sailing-team-kelia-bures-i-2026-m-regatu-sezona\/"},"author":{"name":"Simona Stri\u017ekovait\u0117","@id":"https:\/\/pbs.lt\/#\/schema\/person\/ab5927ae82fb98944c7b8bd26ecf8e86"},"headline":"PBS Sailing Team begins the 2026 regatta season!","datePublished":"2026-04-15T08:00:58+00:00","mainEntityOfPage":{"@id":"https:\/\/pbs.lt\/2026\/04\/15\/pbs-sailing-team-kelia-bures-i-2026-m-regatu-sezona\/"},"wordCount":89,"publisher":{"@id":"https:\/\/pbs.lt\/#organization"},"image":{"@id":"https:\/\/pbs.lt\/2026\/04\/15\/pbs-sailing-team-kelia-bures-i-2026-m-regatu-sezona\/#primaryimage"},"thumbnailUrl":"https:\/\/pbs.lt\/wp-content\/uploads\/2026\/04\/EN.png","inLanguage":"en-US"},{"@type":"WebPage","@id":"https:\/\/pbs.lt\/2026\/04\/15\/pbs-sailing-team-kelia-bures-i-2026-m-regatu-sezona\/","url":"https:\/\/pbs.lt\/2026\/04\/15\/pbs-sailing-team-kelia-bures-i-2026-m-regatu-sezona\/","name":"PBS Sailing Team begins the 2026 regatta season! - PBS","isPartOf":{"@id":"https:\/\/pbs.lt\/#website"},"primaryImageOfPage":{"@id":"https:\/\/pbs.lt\/2026\/04\/15\/pbs-sailing-team-kelia-bures-i-2026-m-regatu-sezona\/#primaryimage"},"image":{"@id":"https:\/\/pbs.lt\/2026\/04\/15\/pbs-sailing-team-kelia-bures-i-2026-m-regatu-sezona\/#primaryimage"},"thumbnailUrl":"https:\/\/pbs.lt\/wp-content\/uploads\/2026\/04\/EN.png","datePublished":"2026-04-15T08:00:58+00:00","breadcrumb":{"@id":"https:\/\/pbs.lt\/2026\/04\/15\/pbs-sailing-team-kelia-bures-i-2026-m-regatu-sezona\/#breadcrumb"},"inLanguage":"en-US","potentialAction":[{"@type":"ReadAction","target":["https:\/\/pbs.lt\/2026\/04\/15\/pbs-sailing-team-kelia-bures-i-2026-m-regatu-sezona\/"]}]},{"@type":"ImageObject","inLanguage":"en-US","@id":"https:\/\/pbs.lt\/2026\/04\/15\/pbs-sailing-team-kelia-bures-i-2026-m-regatu-sezona\/#primaryimage","url":"https:\/\/pbs.lt\/wp-content\/uploads\/2026\/04\/EN.png","contentUrl":"https:\/\/pbs.lt\/wp-content\/uploads\/2026\/04\/EN.png","width":2048,"height":1291},{"@type":"BreadcrumbList","@id":"https:\/\/pbs.lt\/2026\/04\/15\/pbs-sailing-team-kelia-bures-i-2026-m-regatu-sezona\/#breadcrumb","itemListElement":[{"@type":"ListItem","position":1,"name":"Home","item":"https:\/\/pbs.lt\/en\/"},{"@type":"ListItem","position":2,"name":"PBS Sailing Team begins the 2026 regatta season!"}]},{"@type":"WebSite","@id":"https:\/\/pbs.lt\/#website","url":"https:\/\/pbs.lt\/","name":"PBS","description":"Konsultacijos verslui \u012fvairiose pramon\u0117s veiklos srityse","publisher":{"@id":"https:\/\/pbs.lt\/#organization"},"potentialAction":[{"@type":"SearchAction","target":{"@type":"EntryPoint","urlTemplate":"https:\/\/pbs.lt\/?s={search_term_string}"},"query-input":{"@type":"PropertyValueSpecification","valueRequired":true,"valueName":"search_term_string"}}],"inLanguage":"en-US"},{"@type":"Organization","@id":"https:\/\/pbs.lt\/#organization","name":"Progressive Business Solutions","url":"https:\/\/pbs.lt\/","logo":{"@type":"ImageObject","inLanguage":"en-US","@id":"https:\/\/pbs.lt\/#\/schema\/logo\/image\/","url":"","contentUrl":"","caption":"Progressive Business Solutions"},"image":{"@id":"https:\/\/pbs.lt\/#\/schema\/logo\/image\/"},"sameAs":["https:\/\/www.facebook.com\/pbslt","https:\/\/www.linkedin.com\/company\/2195023"]},{"@type":"Person","@id":"https:\/\/pbs.lt\/#\/schema\/person\/ab5927ae82fb98944c7b8bd26ecf8e86","name":"Simona Stri\u017ekovait\u0117","image":{"@type":"ImageObject","inLanguage":"en-US","@id":"https:\/\/pbs.lt\/#\/schema\/person\/image\/","url":"https:\/\/secure.gravatar.com\/avatar\/043b893c5b5f3fc76ab5a731f931e37daca9a46b0f556cabf6db36fc1a2478f0?s=96&d=mm&r=g","contentUrl":"https:\/\/secure.gravatar.com\/avatar\/043b893c5b5f3fc76ab5a731f931e37daca9a46b0f556cabf6db36fc1a2478f0?s=96&d=mm&r=g","caption":"Simona Stri\u017ekovait\u0117"}}]}},"_links":{"self":[{"href":"https:\/\/pbs.lt\/en\/wp-json\/wp\/v2\/posts\/3847","targetHints":{"allow":["GET"]}}],"collection":[{"href":"https:\/\/pbs.lt\/en\/wp-json\/wp\/v2\/posts"}],"about":[{"href":"https:\/\/pbs.lt\/en\/wp-json\/wp\/v2\/types\/post"}],"author":[{"embeddable":true,"href":"https:\/\/pbs.lt\/en\/wp-json\/wp\/v2\/users\/5"}],"replies":[{"embeddable":true,"href":"https:\/\/pbs.lt\/en\/wp-json\/wp\/v2\/comments?post=3847"}],"version-history":[{"count":1,"href":"https:\/\/pbs.lt\/en\/wp-json\/wp\/v2\/posts\/3847\/revisions"}],"predecessor-version":[{"id":3849,"href":"https:\/\/pbs.lt\/en\/wp-json\/wp\/v2\/posts\/3847\/revisions\/3849"}],"wp:featuredmedia":[{"embeddable":true,"href":"https:\/\/pbs.lt\/en\/wp-json\/wp\/v2\/media\/3848"}],"wp:attachment":[{"href":"https:\/\/pbs.lt\/en\/wp-json\/wp\/v2\/media?parent=3847"}],"wp:term":[{"taxonomy":"category","embeddable":true,"href":"https:\/\/pbs.lt\/en\/wp-json\/wp\/v2\/categories?post=3847"},{"taxonomy":"post_tag","embeddable":true,"href":"https:\/\/pbs.lt\/en\/wp-json\/wp\/v2\/tags?post=3847"}],"curies":[{"name":"wp","href":"https:\/\/api.w.org\/{rel}","templated":true}]}}